[{"@context":"https:\/\/schema.org\/","@type":"Article","@id":"https:\/\/www.kamelia.cz\/pohrajte-si-se-sklem-i-v-bytovych-meziprostorech\/#Article","mainEntityOfPage":"https:\/\/www.kamelia.cz\/pohrajte-si-se-sklem-i-v-bytovych-meziprostorech\/","headline":"Pohrajte si se sklem i v bytov\u00fdch meziprostorech","name":"Pohrajte si se sklem i v bytov\u00fdch meziprostorech","description":"Probl\u00e9m s prosv\u011btlen\u00edm bytov\u00fdch meziprostor, zvl\u00e1\u0161t\u011b p\u0159eds\u00edn\u00ed a vstupn\u00edch chodeb zn\u00e1 asi ka\u017ed\u00fd \u010dlov\u011bk, kter\u00fd n\u011bkdy ve sv\u00e9m \u017eivot\u011b bydlel v panel\u00e1kov\u00e9m byt\u011b. Prosv\u011btlit tyto zm\u00edn\u011bn\u00e9 i jin\u00e9 prostory je v\u0161ak dnes ji\u017e velmi snadn\u00e9. Je t\u0159eba vyu\u017e\u00edt barev, skel a zrcadel. Pokud pak s nimi zkombinujete vhodn\u011b zvolen\u00e9 lehk\u00e9 interi\u00e9rov\u00e9 dve\u0159e v jasn\u00fdch barv\u00e1ch...","datePublished":"2025-08-30","dateModified":"2025-08-30","author":{"@type":"Person","@id":"https:\/\/www.kamelia.cz\/author\/devene\/#Person","name":"devene","url":"https:\/\/www.kamelia.cz\/author\/devene\/","identifier":1,"image":{"@type":"ImageObject","@id":"https:\/\/secure.gravatar.com\/avatar\/a4f7f6499f3b2a0764d0773f1f5d74780987cfbea7e736c0e74f6185bb257971?s=96&d=mm&r=g","url":"https:\/\/secure.gravatar.com\/avatar\/a4f7f6499f3b2a0764d0773f1f5d74780987cfbea7e736c0e74f6185bb257971?s=96&d=mm&r=g","height":96,"width":96}},"publisher":{"@type":"Organization","name":"kamelia.cz","logo":{"@type":"ImageObject","@id":"\/logo.png","url":"\/logo.png","width":600,"height":60}},"url":"https:\/\/www.kamelia.cz\/pohrajte-si-se-sklem-i-v-bytovych-meziprostorech\/","wordCount":188,"articleBody":"Probl\u00e9m s prosv\u011btlen\u00edm bytov\u00fdch meziprostor, zvl\u00e1\u0161t\u011b p\u0159eds\u00edn\u00ed a vstupn\u00edch chodeb zn\u00e1 asi ka\u017ed\u00fd \u010dlov\u011bk, kter\u00fd n\u011bkdy ve sv\u00e9m \u017eivot\u011b bydlel v panel\u00e1kov\u00e9m byt\u011b. Prosv\u011btlit tyto zm\u00edn\u011bn\u00e9 i jin\u00e9 prostory je v\u0161ak dnes ji\u017e velmi snadn\u00e9. Je t\u0159eba vyu\u017e\u00edt barev, skel a zrcadel. Pokud pak s nimi zkombinujete vhodn\u011b zvolen\u00e9 lehk\u00e9 interi\u00e9rov\u00e9 dve\u0159e v jasn\u00fdch barv\u00e1ch a s odpov\u00eddaj\u00edc\u00ed povrchovou \u00fapravou, pak je perfektn\u00ed v\u00fdsledek zaru\u010den. Sklo, zrcadla a sv\u011btl\u00e9 barvy Lehk\u00e9 interi\u00e9rov\u00e9 dve\u0159e dok\u00e1\u017e\u00ed \u010dasto ud\u011blat p\u0159\u00edmo z\u00e1zraky i v mal\u00fdch a tmav\u00fdch bytech \u010di bytov\u00fdch prostor\u00e1ch. Na\u0161e spole\u010dnost V\u00e1m nab\u00edz\u00ed na v\u00fdb\u011br z r\u016fzn\u00fdch barevn\u00fdch proveden\u00ed t\u011bchto bytov\u00fdch prvk\u016f s r\u016fznou m\u00edrou prosklen\u00ed. T\u00edmto efektivn\u00edm zp\u016fsobem kombinace pevn\u00e9ho prvku, skla a p\u0159\u00edpadn\u011b zrcadla m\u016f\u017eete velmi v\u00fdznamn\u011b ovlivnit prosv\u00edcen\u00ed a prosv\u011btlen\u00ed i tmav\u00fdch prostor Va\u0161eho bytu.                                                                                                                                                                                                                                                                                                                                                                                                "},{"@context":"https:\/\/schema.org\/","@type":"BreadcrumbList","itemListElement":[{"@type":"ListItem","position":1,"name":"Pohrajte si se sklem i v bytov\u00fdch meziprostorech","item":"https:\/\/www.kamelia.cz\/pohrajte-si-se-sklem-i-v-bytovych-meziprostorech\/#breadcrumbitem"}]}]