[{"@context":"https:\/\/schema.org\/","@type":"Article","@id":"https:\/\/www.kamelia.cz\/nevolit-je-spatne\/#Article","mainEntityOfPage":"https:\/\/www.kamelia.cz\/nevolit-je-spatne\/","headline":"Nevolit, je \u0161patn\u011b","name":"Nevolit, je \u0161patn\u011b","description":"Vzhledem k\u00a0v\u00fdvoji v\u00a0dne\u0161n\u00edm sv\u011bt\u011b, r\u016fstu cen a s\u00a0t\u00edm souvisej\u00edc\u00ed inflace, by ekonomika nem\u011bla b\u00fdt tabu pro nikoho.\u00a0Prov\u00e1zanost politiky a ekonomiky, snad u\u017e ka\u017ed\u00fd ch\u00e1pe a ob\u010dansk\u00e9 strk\u00e1n\u00ed hlavy do p\u00edsku, \u017ee ho politika nezaj\u00edm\u00e1 a \u017ee to nen\u00ed jeho starost, se nezakl\u00e1d\u00e1 na re\u00e1lu a d\u016fsledky tohoto postoje ob\u010dan poci\u0165uje v\u00a0ka\u017edodenn\u00edm \u017eivot\u011b.\u00a0Je na ob\u010danovi, aby...","datePublished":"2022-03-22","dateModified":"2023-05-01","author":{"@type":"Person","@id":"https:\/\/www.kamelia.cz\/author\/devene\/#Person","name":"devene","url":"https:\/\/www.kamelia.cz\/author\/devene\/","identifier":1,"image":{"@type":"ImageObject","@id":"https:\/\/secure.gravatar.com\/avatar\/a4f7f6499f3b2a0764d0773f1f5d74780987cfbea7e736c0e74f6185bb257971?s=96&d=mm&r=g","url":"https:\/\/secure.gravatar.com\/avatar\/a4f7f6499f3b2a0764d0773f1f5d74780987cfbea7e736c0e74f6185bb257971?s=96&d=mm&r=g","height":96,"width":96}},"publisher":{"@type":"Organization","name":"kamelia.cz","logo":{"@type":"ImageObject","@id":"\/logo.png","url":"\/logo.png","width":600,"height":60}},"image":{"@type":"ImageObject","@id":"https:\/\/www.kamelia.cz\/wp-content\/uploads\/hypoteka5_10_10_10_10_10_10_5.jpg","url":"https:\/\/www.kamelia.cz\/wp-content\/uploads\/hypoteka5_10_10_10_10_10_10_5.jpg","height":0,"width":0},"url":"https:\/\/www.kamelia.cz\/nevolit-je-spatne\/","about":["Ekonomika"],"wordCount":376,"articleBody":"Vzhledem k\u00a0v\u00fdvoji v\u00a0dne\u0161n\u00edm sv\u011bt\u011b, r\u016fstu cen a s\u00a0t\u00edm souvisej\u00edc\u00ed inflace, by ekonomika nem\u011bla b\u00fdt tabu pro nikoho.\u00a0Prov\u00e1zanost politiky a ekonomiky, snad u\u017e ka\u017ed\u00fd ch\u00e1pe a ob\u010dansk\u00e9 strk\u00e1n\u00ed hlavy do p\u00edsku, \u017ee ho politika nezaj\u00edm\u00e1 a \u017ee to nen\u00ed jeho starost, se nezakl\u00e1d\u00e1 na re\u00e1lu a d\u016fsledky tohoto postoje ob\u010dan poci\u0165uje v\u00a0ka\u017edodenn\u00edm \u017eivot\u011b.\u00a0Je na ob\u010danovi, aby volbami usm\u011br\u0148oval i budouc\u00ed ekonomiku.\u00a0V\u00a0dne\u0161n\u00ed dob\u011b elektroniky, m\u016f\u017ee voli\u010d nabrat dostatek informac\u00ed o volen\u00fdch kandid\u00e1tech do komun\u00e1ln\u00edch, nebo parlamentn\u00edch voleb.\u00a0Dle jejich dlouhodob\u00fdch postoj\u016f, pop\u0159\u00edpad\u011b, \u017eivotn\u00edch \u00fasp\u011bch\u016f, \u010di ne\u00fasp\u011bch\u016f, lze odvodit jejich ekonomick\u00e9 doktr\u00edny a budouc\u00ed ekonomicko-politick\u00fd sm\u011br, kter\u00fdm se bude zvolen\u00fd kandid\u00e1t ub\u00edrat.Je jasn\u00e9, \u017ee podnikatel, siln\u011b pravicov\u011b orientovan\u00fd a finan\u010dn\u011b zabezpe\u010den\u00fd, nebude prosazovat volen\u00e9ho kandid\u00e1ta z\u00a0lev\u00e9ho politick\u00e9ho spektra, kter\u00fd bude t\u00edhnout k\u00a0soci\u00e1ln\u00ed politice, jako k\u00a0z\u00e1kladn\u00edmu kameni sv\u00e9 politick\u00e9 orientace.\u00a0Stejn\u011b tak, m\u00e9n\u011b \u00fasp\u011b\u0161n\u00fd \u010dlov\u011bk, kter\u00fd se m\u016f\u017ee ocitnout v\u00a0pozici, \u017ee soci\u00e1ln\u00ed pomoc st\u00e1tu je pro n\u011bj nezbytn\u00e1, nem\u016f\u017ee volit pravicov\u00e9, \u010di krajn\u011b pravicov\u00e9 strany, kter\u00e9 maj\u00ed ve sv\u00fdch tez\u00edch, p\u0159\u00edmo zakomponov\u00e1no omezen\u00ed soci\u00e1ln\u00ed politiky na minimum.\u00a0Cht\u011bl jsem zde pouk\u00e1zat na to, \u017ee postoj ka\u017ed\u00e9ho ob\u010dana k\u00a0volb\u00e1m, m\u016f\u017ee b\u00fdt z\u00e1kladn\u00edm kamenem stavby st\u00e1tn\u00ed spr\u00e1vy, kterou si p\u0159edstavuje a kter\u00e1 mu vyhovuje.\u00a0Proto nejsou na m\u00edst\u011b dogmata, typu. Ka\u0161lu na volby, stejn\u011b nic neovlivn\u00edm.\u00a0Nen\u00ed to pravda a tohoto postoje lid\u00ed, nerozhodn\u00fdch, zap\u0161kl\u00fdch, \u010di nevol\u00edc\u00edch z\u00a0jin\u00fdch d\u016fvod\u016f, dok\u00e1\u017eou vyu\u017e\u00edt strany z\u00a0obou spekter politick\u00e9 mapy, kter\u00e9 tohoto dok\u00e1\u017eou bezesporu vyu\u017e\u00edt, proto\u017ee jejich voli\u010di jsou ve v\u011bt\u0161in\u011b p\u0159\u00edpad\u016f oddan\u00ed a spolehliv\u00ed.\u00a0Mno\u017estv\u00ed nevoli\u010d\u016f, pak p\u0159\u00edmo ovliv\u0148uje pom\u011brn\u00fd volebn\u00ed \u00fasp\u011bch, t\u011bchto extremistick\u00fdch a spole\u010dnost polarizuj\u00edc\u00edch stran.                                                                                                                                                                                                                                                                                                                                                                                        2.6\/5 - (8 votes)        "},{"@context":"https:\/\/schema.org\/","@type":"BreadcrumbList","itemListElement":[{"@type":"ListItem","position":1,"name":"Nevolit, je \u0161patn\u011b","item":"https:\/\/www.kamelia.cz\/nevolit-je-spatne\/#breadcrumbitem"}]}]